{"id":2248,"date":"2024-09-07T11:56:24","date_gmt":"2024-09-07T10:56:24","guid":{"rendered":"https:\/\/naturtherapies.com\/?p=2248"},"modified":"2024-09-26T08:01:56","modified_gmt":"2024-09-26T07:01:56","slug":"ivoox-podcasts","status":"publish","type":"post","link":"https:\/\/naturtherapies.com\/es\/ivoox-podcasts\/","title":{"rendered":"Ivoox Podcasts"},"content":{"rendered":"<p>Estos podcasts son las grabaciones en directo del programa \u00abEl Remate\u00bb de la diez de Capital Radio en Santa Cruz de tenerife donde Jos\u00e9 tiene un espacio todos los mi\u00e9rcoles como especialista en tradiciones ancestrales , crecimiento personal y medicina holistica<\/p>\n<p>Jos\u00e9 adem\u00e1s es el facilitador de los cursos de Reiki intuitivo japon\u00e9s que la diez capital radio organiza y patrocina en sus instslaciones en santa Cruz de Tenerife de manera regular. Haga click en el podcast que desee escuchar.<\/p>\n<ul>\n<li><a href=\"https:\/\/go.ivoox.com\/rf\/128629942\">Magia Negra (08-05-2024)<\/a><\/li>\n<li><a href=\"https:\/\/go.ivoox.com\/rf\/128959064\">Las Sectas (15-05-2024)<\/a><\/li>\n<li><a href=\"https:\/\/go.ivoox.com\/rf\/129591455\">Las Posesiones (29-05-2024)<\/a><\/li>\n<li><a href=\"https:\/\/go.ivoox.com\/rf\/129918130\">La Reencarnaci\u00f3n (05-06-2024)<\/a><\/li>\n<li><a href=\"https:\/\/go.ivoox.com\/rf\/131480408\">Reiki I (10-07-2024)<\/a><\/li>\n<li><a href=\"https:\/\/go.ivoox.com\/rf\/131995416\">Reiki III (24-07-2024)<\/a><\/li>\n<li><a href=\"https:\/\/go.ivoox.com\/rf\/132200495\">Mundos Paralelos y Puertas a otras Dimensiones (30-07-2024)<\/a><\/li>\n<li><a href=\"https:\/\/go.ivoox.com\/rf\/133453154\">Tradiciones ancestrales japonesas (04-09-2024)<\/a><\/li>\n<li><a href=\"https:\/\/go.ivoox.com\/rf\/133926455\">Te recomiendo que escuches, Secretos del Jap\u00f3n (18-09-2024)<\/a><\/li>\n<li><a href=\"https:\/\/go.ivoox.com\/rf\/134164143\">Intuici\u00f3n (25-09-2024)<\/a><\/li>\n<\/ul>\n<p>&nbsp;<\/p>\n","protected":false},"excerpt":{"rendered":"<p>Estos podcasts son las grabaciones en directo del programa \u00abEl Remate\u00bb de la diez de Capital Radio en Santa Cruz de tenerife donde Jos\u00e9 tiene un espacio todos los mi\u00e9rcoles como especialista en tradiciones ancestrales , crecimiento personal y medicina holistica Jos\u00e9 adem\u00e1s es el&#8230;<\/p>\n","protected":false},"author":1,"featured_media":2250,"comment_status":"open","ping_status":"open","sticky":false,"template":"","format":"standard","meta":{"give_campaign_id":0,"_joinchat":[],"footnotes":""},"categories":[97],"class_list":["post-2248","post","type-post","status-publish","format-standard","has-post-thumbnail","hentry","category-prensa"],"yoast_head":"<!-- This site is optimized with the Yoast SEO plugin v26.9 - https:\/\/yoast.com\/product\/yoast-seo-wordpress\/ -->\n<title>Ivoox Podcasts - Naturtherapies<\/title>\n<meta name=\"description\" content=\"Estos podcasts son las grabaciones en directo del programa &quot; el puntero&quot; de la diez de Capital Radio en Santa Cruz de Tenerife donde Jos\u00e9 tiene un espacio todos los mi\u00e9rcoles como especialista en tradiciones ancestrales , crecimiento personal y medicina hol\u00edstica\" \/>\n<meta name=\"robots\" content=\"index, follow, max-snippet:-1, max-image-preview:large, max-video-preview:-1\" \/>\n<link rel=\"canonical\" href=\"https:\/\/naturtherapies.com\/es\/ivoox-podcasts\/\" \/>\n<meta property=\"og:locale\" content=\"es_ES\" \/>\n<meta property=\"og:type\" content=\"article\" \/>\n<meta property=\"og:title\" content=\"Ivoox Podcasts - Naturtherapies\" \/>\n<meta property=\"og:description\" content=\"Estos podcasts son las grabaciones en directo del programa &quot; el puntero&quot; de la diez de Capital Radio en Santa Cruz de Tenerife donde Jos\u00e9 tiene un espacio todos los mi\u00e9rcoles como especialista en tradiciones ancestrales , crecimiento personal y medicina hol\u00edstica\" \/>\n<meta property=\"og:url\" content=\"https:\/\/naturtherapies.com\/es\/ivoox-podcasts\/\" \/>\n<meta property=\"og:site_name\" content=\"Naturtherapies\" \/>\n<meta property=\"article:publisher\" content=\"https:\/\/www.facebook.com\/people\/Jos-D-Figueroa-Garcia-Estonia\/100081915895475\/\" \/>\n<meta property=\"article:published_time\" content=\"2024-09-07T10:56:24+00:00\" \/>\n<meta property=\"article:modified_time\" content=\"2024-09-26T07:01:56+00:00\" \/>\n<meta property=\"og:image\" content=\"https:\/\/naturtherapies.com\/wp-content\/uploads\/2024\/09\/jose-figueroa-radio-holistica.jpeg\" \/>\n\t<meta property=\"og:image:width\" content=\"1600\" \/>\n\t<meta property=\"og:image:height\" content=\"1200\" \/>\n\t<meta property=\"og:image:type\" content=\"image\/jpeg\" \/>\n<meta name=\"author\" content=\"jose\" \/>\n<meta name=\"twitter:card\" content=\"summary_large_image\" \/>\n<meta name=\"twitter:label1\" content=\"Escrito por\" \/>\n\t<meta name=\"twitter:data1\" content=\"jose\" \/>\n\t<meta name=\"twitter:label2\" content=\"Tiempo de lectura\" \/>\n\t<meta name=\"twitter:data2\" content=\"1 minuto\" \/>\n<script type=\"application\/ld+json\" class=\"yoast-schema-graph\">{\"@context\":\"https:\/\/schema.org\",\"@graph\":[{\"@type\":\"Article\",\"@id\":\"https:\/\/naturtherapies.com\/es\/ivoox-podcasts\/#article\",\"isPartOf\":{\"@id\":\"https:\/\/naturtherapies.com\/es\/ivoox-podcasts\/\"},\"author\":{\"name\":\"jose\",\"@id\":\"https:\/\/naturtherapies.com\/es\/#\/schema\/person\/7ee1d9083b5930dd27b960f15fc4e6d5\"},\"headline\":\"Ivoox Podcasts\",\"datePublished\":\"2024-09-07T10:56:24+00:00\",\"dateModified\":\"2024-09-26T07:01:56+00:00\",\"mainEntityOfPage\":{\"@id\":\"https:\/\/naturtherapies.com\/es\/ivoox-podcasts\/\"},\"wordCount\":138,\"commentCount\":0,\"image\":{\"@id\":\"https:\/\/naturtherapies.com\/es\/ivoox-podcasts\/#primaryimage\"},\"thumbnailUrl\":\"https:\/\/naturtherapies.com\/wp-content\/uploads\/2024\/09\/jose-figueroa-radio-holistica.jpeg\",\"articleSection\":[\"Prensa\"],\"inLanguage\":\"es\",\"potentialAction\":[{\"@type\":\"CommentAction\",\"name\":\"Comment\",\"target\":[\"https:\/\/naturtherapies.com\/es\/ivoox-podcasts\/#respond\"]}]},{\"@type\":\"WebPage\",\"@id\":\"https:\/\/naturtherapies.com\/es\/ivoox-podcasts\/\",\"url\":\"https:\/\/naturtherapies.com\/es\/ivoox-podcasts\/\",\"name\":\"Ivoox Podcasts - Naturtherapies\",\"isPartOf\":{\"@id\":\"https:\/\/naturtherapies.com\/es\/#website\"},\"primaryImageOfPage\":{\"@id\":\"https:\/\/naturtherapies.com\/es\/ivoox-podcasts\/#primaryimage\"},\"image\":{\"@id\":\"https:\/\/naturtherapies.com\/es\/ivoox-podcasts\/#primaryimage\"},\"thumbnailUrl\":\"https:\/\/naturtherapies.com\/wp-content\/uploads\/2024\/09\/jose-figueroa-radio-holistica.jpeg\",\"datePublished\":\"2024-09-07T10:56:24+00:00\",\"dateModified\":\"2024-09-26T07:01:56+00:00\",\"author\":{\"@id\":\"https:\/\/naturtherapies.com\/es\/#\/schema\/person\/7ee1d9083b5930dd27b960f15fc4e6d5\"},\"description\":\"Estos podcasts son las grabaciones en directo del programa \\\" el puntero\\\" de la diez de Capital Radio en Santa Cruz de Tenerife donde Jos\u00e9 tiene un espacio todos los mi\u00e9rcoles como especialista en tradiciones ancestrales , crecimiento personal y medicina hol\u00edstica\",\"breadcrumb\":{\"@id\":\"https:\/\/naturtherapies.com\/es\/ivoox-podcasts\/#breadcrumb\"},\"inLanguage\":\"es\",\"potentialAction\":[{\"@type\":\"ReadAction\",\"target\":[\"https:\/\/naturtherapies.com\/es\/ivoox-podcasts\/\"]}]},{\"@type\":\"ImageObject\",\"inLanguage\":\"es\",\"@id\":\"https:\/\/naturtherapies.com\/es\/ivoox-podcasts\/#primaryimage\",\"url\":\"https:\/\/naturtherapies.com\/wp-content\/uploads\/2024\/09\/jose-figueroa-radio-holistica.jpeg\",\"contentUrl\":\"https:\/\/naturtherapies.com\/wp-content\/uploads\/2024\/09\/jose-figueroa-radio-holistica.jpeg\",\"width\":1600,\"height\":1200},{\"@type\":\"BreadcrumbList\",\"@id\":\"https:\/\/naturtherapies.com\/es\/ivoox-podcasts\/#breadcrumb\",\"itemListElement\":[{\"@type\":\"ListItem\",\"position\":1,\"name\":\"Portada\",\"item\":\"https:\/\/naturtherapies.com\/es\/inicio\/\"},{\"@type\":\"ListItem\",\"position\":2,\"name\":\"Ivoox Podcasts\"}]},{\"@type\":\"WebSite\",\"@id\":\"https:\/\/naturtherapies.com\/es\/#website\",\"url\":\"https:\/\/naturtherapies.com\/es\/\",\"name\":\"NATURTHERAPIES\",\"description\":\"\",\"potentialAction\":[{\"@type\":\"SearchAction\",\"target\":{\"@type\":\"EntryPoint\",\"urlTemplate\":\"https:\/\/naturtherapies.com\/es\/?s={search_term_string}\"},\"query-input\":{\"@type\":\"PropertyValueSpecification\",\"valueRequired\":true,\"valueName\":\"search_term_string\"}}],\"inLanguage\":\"es\"},{\"@type\":\"Person\",\"@id\":\"https:\/\/naturtherapies.com\/es\/#\/schema\/person\/7ee1d9083b5930dd27b960f15fc4e6d5\",\"name\":\"jose\",\"image\":{\"@type\":\"ImageObject\",\"inLanguage\":\"es\",\"@id\":\"https:\/\/naturtherapies.com\/es\/#\/schema\/person\/image\/\",\"url\":\"https:\/\/secure.gravatar.com\/avatar\/50f3bdf9749d32c0702afa1c1f5fff8ed9c1e6801fd3c4ac97b845800de2a64c?s=96&d=mm&r=g\",\"contentUrl\":\"https:\/\/secure.gravatar.com\/avatar\/50f3bdf9749d32c0702afa1c1f5fff8ed9c1e6801fd3c4ac97b845800de2a64c?s=96&d=mm&r=g\",\"caption\":\"jose\"},\"sameAs\":[\"https:\/\/naturtherapies.com\/\"],\"url\":\"https:\/\/naturtherapies.com\/es\/author\/jose\/\"}]}<\/script>\n<!-- \/ Yoast SEO plugin. -->","yoast_head_json":{"title":"Ivoox Podcasts - Naturtherapies","description":"Estos podcasts son las grabaciones en directo del programa \" el puntero\" de la diez de Capital Radio en Santa Cruz de Tenerife donde Jos\u00e9 tiene un espacio todos los mi\u00e9rcoles como especialista en tradiciones ancestrales , crecimiento personal y medicina hol\u00edstica","robots":{"index":"index","follow":"follow","max-snippet":"max-snippet:-1","max-image-preview":"max-image-preview:large","max-video-preview":"max-video-preview:-1"},"canonical":"https:\/\/naturtherapies.com\/es\/ivoox-podcasts\/","og_locale":"es_ES","og_type":"article","og_title":"Ivoox Podcasts - Naturtherapies","og_description":"Estos podcasts son las grabaciones en directo del programa \" el puntero\" de la diez de Capital Radio en Santa Cruz de Tenerife donde Jos\u00e9 tiene un espacio todos los mi\u00e9rcoles como especialista en tradiciones ancestrales , crecimiento personal y medicina hol\u00edstica","og_url":"https:\/\/naturtherapies.com\/es\/ivoox-podcasts\/","og_site_name":"Naturtherapies","article_publisher":"https:\/\/www.facebook.com\/people\/Jos-D-Figueroa-Garcia-Estonia\/100081915895475\/","article_published_time":"2024-09-07T10:56:24+00:00","article_modified_time":"2024-09-26T07:01:56+00:00","og_image":[{"width":1600,"height":1200,"url":"https:\/\/naturtherapies.com\/wp-content\/uploads\/2024\/09\/jose-figueroa-radio-holistica.jpeg","type":"image\/jpeg"}],"author":"jose","twitter_card":"summary_large_image","twitter_misc":{"Escrito por":"jose","Tiempo de lectura":"1 minuto"},"schema":{"@context":"https:\/\/schema.org","@graph":[{"@type":"Article","@id":"https:\/\/naturtherapies.com\/es\/ivoox-podcasts\/#article","isPartOf":{"@id":"https:\/\/naturtherapies.com\/es\/ivoox-podcasts\/"},"author":{"name":"jose","@id":"https:\/\/naturtherapies.com\/es\/#\/schema\/person\/7ee1d9083b5930dd27b960f15fc4e6d5"},"headline":"Ivoox Podcasts","datePublished":"2024-09-07T10:56:24+00:00","dateModified":"2024-09-26T07:01:56+00:00","mainEntityOfPage":{"@id":"https:\/\/naturtherapies.com\/es\/ivoox-podcasts\/"},"wordCount":138,"commentCount":0,"image":{"@id":"https:\/\/naturtherapies.com\/es\/ivoox-podcasts\/#primaryimage"},"thumbnailUrl":"https:\/\/naturtherapies.com\/wp-content\/uploads\/2024\/09\/jose-figueroa-radio-holistica.jpeg","articleSection":["Prensa"],"inLanguage":"es","potentialAction":[{"@type":"CommentAction","name":"Comment","target":["https:\/\/naturtherapies.com\/es\/ivoox-podcasts\/#respond"]}]},{"@type":"WebPage","@id":"https:\/\/naturtherapies.com\/es\/ivoox-podcasts\/","url":"https:\/\/naturtherapies.com\/es\/ivoox-podcasts\/","name":"Ivoox Podcasts - Naturtherapies","isPartOf":{"@id":"https:\/\/naturtherapies.com\/es\/#website"},"primaryImageOfPage":{"@id":"https:\/\/naturtherapies.com\/es\/ivoox-podcasts\/#primaryimage"},"image":{"@id":"https:\/\/naturtherapies.com\/es\/ivoox-podcasts\/#primaryimage"},"thumbnailUrl":"https:\/\/naturtherapies.com\/wp-content\/uploads\/2024\/09\/jose-figueroa-radio-holistica.jpeg","datePublished":"2024-09-07T10:56:24+00:00","dateModified":"2024-09-26T07:01:56+00:00","author":{"@id":"https:\/\/naturtherapies.com\/es\/#\/schema\/person\/7ee1d9083b5930dd27b960f15fc4e6d5"},"description":"Estos podcasts son las grabaciones en directo del programa \" el puntero\" de la diez de Capital Radio en Santa Cruz de Tenerife donde Jos\u00e9 tiene un espacio todos los mi\u00e9rcoles como especialista en tradiciones ancestrales , crecimiento personal y medicina hol\u00edstica","breadcrumb":{"@id":"https:\/\/naturtherapies.com\/es\/ivoox-podcasts\/#breadcrumb"},"inLanguage":"es","potentialAction":[{"@type":"ReadAction","target":["https:\/\/naturtherapies.com\/es\/ivoox-podcasts\/"]}]},{"@type":"ImageObject","inLanguage":"es","@id":"https:\/\/naturtherapies.com\/es\/ivoox-podcasts\/#primaryimage","url":"https:\/\/naturtherapies.com\/wp-content\/uploads\/2024\/09\/jose-figueroa-radio-holistica.jpeg","contentUrl":"https:\/\/naturtherapies.com\/wp-content\/uploads\/2024\/09\/jose-figueroa-radio-holistica.jpeg","width":1600,"height":1200},{"@type":"BreadcrumbList","@id":"https:\/\/naturtherapies.com\/es\/ivoox-podcasts\/#breadcrumb","itemListElement":[{"@type":"ListItem","position":1,"name":"Portada","item":"https:\/\/naturtherapies.com\/es\/inicio\/"},{"@type":"ListItem","position":2,"name":"Ivoox Podcasts"}]},{"@type":"WebSite","@id":"https:\/\/naturtherapies.com\/es\/#website","url":"https:\/\/naturtherapies.com\/es\/","name":"NATURTHERAPIES","description":"","potentialAction":[{"@type":"SearchAction","target":{"@type":"EntryPoint","urlTemplate":"https:\/\/naturtherapies.com\/es\/?s={search_term_string}"},"query-input":{"@type":"PropertyValueSpecification","valueRequired":true,"valueName":"search_term_string"}}],"inLanguage":"es"},{"@type":"Person","@id":"https:\/\/naturtherapies.com\/es\/#\/schema\/person\/7ee1d9083b5930dd27b960f15fc4e6d5","name":"jose","image":{"@type":"ImageObject","inLanguage":"es","@id":"https:\/\/naturtherapies.com\/es\/#\/schema\/person\/image\/","url":"https:\/\/secure.gravatar.com\/avatar\/50f3bdf9749d32c0702afa1c1f5fff8ed9c1e6801fd3c4ac97b845800de2a64c?s=96&d=mm&r=g","contentUrl":"https:\/\/secure.gravatar.com\/avatar\/50f3bdf9749d32c0702afa1c1f5fff8ed9c1e6801fd3c4ac97b845800de2a64c?s=96&d=mm&r=g","caption":"jose"},"sameAs":["https:\/\/naturtherapies.com\/"],"url":"https:\/\/naturtherapies.com\/es\/author\/jose\/"}]}},"_links":{"self":[{"href":"https:\/\/naturtherapies.com\/es\/wp-json\/wp\/v2\/posts\/2248","targetHints":{"allow":["GET"]}}],"collection":[{"href":"https:\/\/naturtherapies.com\/es\/wp-json\/wp\/v2\/posts"}],"about":[{"href":"https:\/\/naturtherapies.com\/es\/wp-json\/wp\/v2\/types\/post"}],"author":[{"embeddable":true,"href":"https:\/\/naturtherapies.com\/es\/wp-json\/wp\/v2\/users\/1"}],"replies":[{"embeddable":true,"href":"https:\/\/naturtherapies.com\/es\/wp-json\/wp\/v2\/comments?post=2248"}],"version-history":[{"count":4,"href":"https:\/\/naturtherapies.com\/es\/wp-json\/wp\/v2\/posts\/2248\/revisions"}],"predecessor-version":[{"id":2351,"href":"https:\/\/naturtherapies.com\/es\/wp-json\/wp\/v2\/posts\/2248\/revisions\/2351"}],"wp:featuredmedia":[{"embeddable":true,"href":"https:\/\/naturtherapies.com\/es\/wp-json\/wp\/v2\/media\/2250"}],"wp:attachment":[{"href":"https:\/\/naturtherapies.com\/es\/wp-json\/wp\/v2\/media?parent=2248"}],"wp:term":[{"taxonomy":"category","embeddable":true,"href":"https:\/\/naturtherapies.com\/es\/wp-json\/wp\/v2\/categories?post=2248"}],"curies":[{"name":"wp","href":"https:\/\/api.w.org\/{rel}","templated":true}]}}